{"id":60,"date":"2008-10-17T19:20:00","date_gmt":"2008-10-17T19:20:00","guid":{"rendered":"http:\/\/gczarrias.com\/blog\/?p=60"},"modified":"2013-11-12T21:15:34","modified_gmt":"2013-11-12T21:15:34","slug":"informacion-sobre-artjaen-2007","status":"publish","type":"post","link":"http:\/\/gczarrias.com\/blog\/informacion-sobre-artjaen-2007\/","title":{"rendered":"Informaci\u00f3n sobre ART\u00b4JA\u00c9N 2007"},"content":{"rendered":"<p>&nbsp;<\/p>\n<p><img loading=\"lazy\" class=\"size-full wp-image-413 alignnone\" style=\"border: 2px solid black; margin: 10px;\" alt=\"galeria_muralla\" src=\"http:\/\/gczarrias.com\/blog\/wp-content\/uploads\/2008\/10\/galeria_muralla.jpg\" width=\"300\" height=\"300\" srcset=\"http:\/\/gczarrias.com\/blog\/wp-content\/uploads\/2008\/10\/galeria_muralla.jpg 300w, http:\/\/gczarrias.com\/blog\/wp-content\/uploads\/2008\/10\/galeria_muralla-150x150.jpg 150w\" sizes=\"(max-width: 300px) 100vw, 300px\" \/><\/p>\n<p><img loading=\"lazy\" class=\"size-medium wp-image-412 alignleft\" style=\"border: 2px solid black; margin: 10px;\" alt=\"art-jaen_2007g\" src=\"http:\/\/gczarrias.com\/blog\/wp-content\/uploads\/2008\/10\/art-jaen_2007g-300x102.jpg\" width=\"300\" height=\"102\" srcset=\"http:\/\/gczarrias.com\/blog\/wp-content\/uploads\/2008\/10\/art-jaen_2007g-300x102.jpg 300w, http:\/\/gczarrias.com\/blog\/wp-content\/uploads\/2008\/10\/art-jaen_2007g.jpg 730w\" sizes=\"(max-width: 300px) 100vw, 300px\" \/><br \/>\nEl a\u00f1o pasado particip\u00e9 en la feria de arte contempor\u00e1neo de Ja\u00e9n con la<br \/>\nGaler\u00eda Muralla de \u00dabeda. Si quieres conocer m\u00e1s informaci\u00f3n puedes ir al enlace desde mi p\u00e1gina para poder verlo.<br \/>\nEs la siguiente:<br \/>\n<a href=\"http:\/\/www.gczarrias.com\/ultimaexpo\/2007.feriadeartecontemporaneo\/1.htm\" target=\"_blank\">http:\/\/www.gczarrias.com\/ultimaexpo\/2007.feriadeartecontemporaneo\/1.htm<\/a><\/p>\n","protected":false},"excerpt":{"rendered":"<p>&nbsp; El a\u00f1o pasado particip\u00e9 en la feria de arte contempor\u00e1neo de Ja\u00e9n con la Galer\u00eda Muralla de \u00dabeda. Si quieres conocer m\u00e1s informaci\u00f3n puedes ir al enlace desde mi p\u00e1gina para poder verlo. Es la siguiente: http:\/\/www.gczarrias.com\/ultimaexpo\/2007.feriadeartecontemporaneo\/1.htm<\/p>\n","protected":false},"author":1,"featured_media":411,"comment_status":"open","ping_status":"open","sticky":false,"template":"","format":"standard","meta":[],"categories":[54,15,9,34,30,43,4,47,3,6,36,10],"tags":[],"_links":{"self":[{"href":"http:\/\/gczarrias.com\/blog\/wp-json\/wp\/v2\/posts\/60"}],"collection":[{"href":"http:\/\/gczarrias.com\/blog\/wp-json\/wp\/v2\/posts"}],"about":[{"href":"http:\/\/gczarrias.com\/blog\/wp-json\/wp\/v2\/types\/post"}],"author":[{"embeddable":true,"href":"http:\/\/gczarrias.com\/blog\/wp-json\/wp\/v2\/users\/1"}],"replies":[{"embeddable":true,"href":"http:\/\/gczarrias.com\/blog\/wp-json\/wp\/v2\/comments?post=60"}],"version-history":[{"count":5,"href":"http:\/\/gczarrias.com\/blog\/wp-json\/wp\/v2\/posts\/60\/revisions"}],"predecessor-version":[{"id":416,"href":"http:\/\/gczarrias.com\/blog\/wp-json\/wp\/v2\/posts\/60\/revisions\/416"}],"wp:featuredmedia":[{"embeddable":true,"href":"http:\/\/gczarrias.com\/blog\/wp-json\/wp\/v2\/media\/411"}],"wp:attachment":[{"href":"http:\/\/gczarrias.com\/blog\/wp-json\/wp\/v2\/media?parent=60"}],"wp:term":[{"taxonomy":"category","embeddable":true,"href":"http:\/\/gczarrias.com\/blog\/wp-json\/wp\/v2\/categories?post=60"},{"taxonomy":"post_tag","embeddable":true,"href":"http:\/\/gczarrias.com\/blog\/wp-json\/wp\/v2\/tags?post=60"}],"curies":[{"name":"wp","href":"https:\/\/api.w.org\/{rel}","templated":true}]}}