{"id":55,"date":"2008-11-28T20:49:00","date_gmt":"2008-11-28T20:49:00","guid":{"rendered":"http:\/\/gczarrias.com\/blog\/?p=55"},"modified":"2013-11-12T20:48:21","modified_gmt":"2013-11-12T20:48:21","slug":"art-jaen-2008","status":"publish","type":"post","link":"http:\/\/gczarrias.com\/blog\/art-jaen-2008\/","title":{"rendered":"ART JA\u00c9N 2008"},"content":{"rendered":"<p>Aunque este a\u00f1o no estamos en la Feria, y me hubiera gustado haber participado, no lo niego; no est\u00e1 de m\u00e1s que nos demos una vuelta por un evento que creo es importante y que merece la atenci\u00f3n de los amantes del arte, artistas curiosos, estudiantes de arte etc&#8230; Por ello en este blog que atiende al arte contempor\u00e1neo en Ja\u00e9n no pod\u00eda ser menos la menci\u00f3n y el mimo.<\/p>\n<p>Es muy importante para Ja\u00e9n disfrutar durante unos d\u00edas de una muestra de esta envergadura, y aunque aqu\u00ed han muerto tantas inicitivas con respecto al Arte contempor\u00e1neo y las artes pl\u00e1sticas en general, debemos de cuidar con esmero y atenci\u00f3n algo que se nos ofrece con generosidad.<\/p>\n<p>Aqu\u00ed en nuestra capital -creo que ya lo sab\u00e9is- ya no hay ninguna galer\u00eda privada, las pocas que existieron se fueron muriendo con los ronqu\u00edos cansinos, no pudieron sobrevivir por falta de apoyos institucionales, subvenciones y sobre todo porque aqu\u00ed son muy pocos los que gustan el gastarse los cuartos en arte. Sus artistas est\u00e1n hu\u00e9rfanos por ejemplo para poder asistir a este tipo de eventos y difundir su obra y este Ja\u00e9n que abre la boca perplejo ya aburrido ante buenas exposiciones que no recrean con precisi\u00f3n la catedral y dejan constancia de un hacer m\u00e1s cercano a la realidad que se vive en el arte de vanguardia. El p\u00fablico en general deja que su mirada se pose hac\u00eda otros lados de las buenas iniciativas y los artistas que intentan hacer algo distinto y que est\u00e1n habitando sus calles se mueren cansados por falta de apoyo y no desgraciadamente por esta sonada crisis .<\/p>\n<p>Debemos de apoyar una Feria de este tipo en Ja\u00e9n y que no se vaya apagando como las mariposas encendidas en la noche de los difuntos, sea el ejemplo de ARTE + SUR en Granada u otras ferias que se han muerto ya hastiadas por el olvido y la desatenci\u00f3n .<\/p>\n<p>Esta ma\u00f1ana ya me d\u00ed una vuelta por all\u00ed y ma\u00f1ana completar\u00e9 mi visita.Ya har\u00e9 un comentario m\u00e1s amplio sobre esta feria cuando disponga de m\u00e1s informaci\u00f3n. Por lo pronto no os la perd\u00e1is.<\/p>\n<p>Su web:\u00a0<a href=\"http:\/\/www.ifeja.org\/artjaen\/\" target=\"_blank\">http:\/\/www.ifeja.org\/artjaen\/<\/a><\/p>\n","protected":false},"excerpt":{"rendered":"<p>Aunque este a\u00f1o no estamos en la Feria, y me hubiera gustado haber participado, no lo niego; no est\u00e1 de m\u00e1s que nos demos una vuelta por un evento que creo es importante y que merece la atenci\u00f3n de los amantes del arte, artistas curiosos, estudiantes de arte etc&#8230; Por ello en este blog que atiende al arte contempor\u00e1neo en Ja\u00e9n no pod\u00eda ser menos la menci\u00f3n y el mimo. Es muy importante para Ja\u00e9n disfrutar durante unos d\u00edas de una muestra de esta envergadura, y aunque aqu\u00ed han muerto tantas inicitivas con respecto al Arte contempor\u00e1neo y las artes pl\u00e1sticas en general, debemos de cuidar con esmero y atenci\u00f3n [&hellip;]<\/p>\n","protected":false},"author":1,"featured_media":395,"comment_status":"open","ping_status":"open","sticky":false,"template":"","format":"standard","meta":[],"categories":[54,15,9,42,34,30,40,43,4,47,23,3,6,36,44,10],"tags":[],"_links":{"self":[{"href":"http:\/\/gczarrias.com\/blog\/wp-json\/wp\/v2\/posts\/55"}],"collection":[{"href":"http:\/\/gczarrias.com\/blog\/wp-json\/wp\/v2\/posts"}],"about":[{"href":"http:\/\/gczarrias.com\/blog\/wp-json\/wp\/v2\/types\/post"}],"author":[{"embeddable":true,"href":"http:\/\/gczarrias.com\/blog\/wp-json\/wp\/v2\/users\/1"}],"replies":[{"embeddable":true,"href":"http:\/\/gczarrias.com\/blog\/wp-json\/wp\/v2\/comments?post=55"}],"version-history":[{"count":2,"href":"http:\/\/gczarrias.com\/blog\/wp-json\/wp\/v2\/posts\/55\/revisions"}],"predecessor-version":[{"id":396,"href":"http:\/\/gczarrias.com\/blog\/wp-json\/wp\/v2\/posts\/55\/revisions\/396"}],"wp:featuredmedia":[{"embeddable":true,"href":"http:\/\/gczarrias.com\/blog\/wp-json\/wp\/v2\/media\/395"}],"wp:attachment":[{"href":"http:\/\/gczarrias.com\/blog\/wp-json\/wp\/v2\/media?parent=55"}],"wp:term":[{"taxonomy":"category","embeddable":true,"href":"http:\/\/gczarrias.com\/blog\/wp-json\/wp\/v2\/categories?post=55"},{"taxonomy":"post_tag","embeddable":true,"href":"http:\/\/gczarrias.com\/blog\/wp-json\/wp\/v2\/tags?post=55"}],"curies":[{"name":"wp","href":"https:\/\/api.w.org\/{rel}","templated":true}]}}