{"id":45,"date":"2009-04-17T19:18:00","date_gmt":"2009-04-17T19:18:00","guid":{"rendered":"http:\/\/gczarrias.com\/blog\/?p=45"},"modified":"2013-11-12T19:20:09","modified_gmt":"2013-11-12T19:20:09","slug":"epitomes-exposicion-individual-de-cortes-zarrias","status":"publish","type":"post","link":"http:\/\/gczarrias.com\/blog\/epitomes-exposicion-individual-de-cortes-zarrias\/","title":{"rendered":"EP\u00cdTOMES EXPOSICI\u00d3N INDIVIDUAL DE CORT\u00c9S ZARR\u00cdAS"},"content":{"rendered":"<div><\/div>\n<p><a href=\"http:\/\/gczarrias.com\/blog\/wp-content\/uploads\/2009\/04\/2008.PESAME.jpg\" rel=\"shadowbox[sbpost-45];player=img;\"><img loading=\"lazy\" class=\"size-medium wp-image-357 alignleft\" style=\"margin: 10px; border: 2px solid black;\" alt=\"2008.PESAME\" src=\"http:\/\/gczarrias.com\/blog\/wp-content\/uploads\/2009\/04\/2008.PESAME-214x300.jpg\" width=\"214\" height=\"300\" srcset=\"http:\/\/gczarrias.com\/blog\/wp-content\/uploads\/2009\/04\/2008.PESAME-214x300.jpg 214w, http:\/\/gczarrias.com\/blog\/wp-content\/uploads\/2009\/04\/2008.PESAME.jpg 716w\" sizes=\"(max-width: 214px) 100vw, 214px\" \/><\/a><a href=\"http:\/\/gczarrias.com\/blog\/wp-content\/uploads\/2009\/04\/expo-papa.jpg\" rel=\"shadowbox[sbpost-45];player=img;\"><img loading=\"lazy\" class=\"size-medium wp-image-358 alignleft\" style=\"border: 2px solid black; margin: 10px;\" alt=\"expo-papa\" src=\"http:\/\/gczarrias.com\/blog\/wp-content\/uploads\/2009\/04\/expo-papa-300x238.jpg\" width=\"300\" height=\"238\" srcset=\"http:\/\/gczarrias.com\/blog\/wp-content\/uploads\/2009\/04\/expo-papa-300x238.jpg 300w, http:\/\/gczarrias.com\/blog\/wp-content\/uploads\/2009\/04\/expo-papa-1024x812.jpg 1024w, http:\/\/gczarrias.com\/blog\/wp-content\/uploads\/2009\/04\/expo-papa.jpg 1260w\" sizes=\"(max-width: 300px) 100vw, 300px\" \/><\/a><\/p>\n<p>&nbsp;<\/p>\n<div>La exposici\u00f3n se inaugura el 21 de abril a las 8 de la tarde y estar\u00e1 abierta en horario de martes a domingo de 18 a 21 horas inclusive festivos, en la CajaGranada Paseo de la Estaci\u00f3n n\u00ba 6 Ja\u00e9n. La exposici\u00f3n tendr\u00e1 posiblemente 29 obras entre pinturas y dibujos. La pinturas tienen desde una obra de gran formato, mediano y peque\u00f1o formato, mientras que los dibujos son todos de peque\u00f1o formato.<\/div>\n<div>Esta exposici\u00f3n resume mi trabajo art\u00edstico-pl\u00e1stico de mis \u00faltimos a\u00f1os: pinturas y dibujos que bajo el t\u00edtulo de \u00abEp\u00edtomes\u00bb hace un recorrido a modo de resumen y recopilaci\u00f3n de lo que viene siendo mi investigaci\u00f3n en las artes pl\u00e1sticas sobre todo pict\u00f3ricas. Mi obra siempre ha tenido como protagonista al \u00abhombre\u00bb en sus diversos estados de \u00e1nimo, sirvi\u00e9ndome de reflexi\u00f3n de lo emocional que yo siento hacia fuera y tratando que est\u00e1s reflexiones me vengan en forma de respuestas a trav\u00e9s de la visi\u00f3n y contemplaci\u00f3n de mi trabajo por parte del espectador. Me interesa sobre todo experimentar con las t\u00e9cnicas mixtas y el collage que se incorporan a mis obras para conseguir de esta forma texturas visuales y t\u00e1ctiles que dan mayor plasticidad e inter\u00e9s a la tem\u00e1tica y de lo expresado. Trabajo desde hace algunos a\u00f1os con t\u00e9cnicas grasas sobre soportes r\u00edgidos, incorporando radiograf\u00edas, cristales, metacrilatos, restos de pintura e incluso restos de reptiles y animales muertos, en definitiva todo aquello que me pueda servir para la mayor expresividad. Mis trabajos son ecl\u00e9cticos, es decir, lo menos importante es el estilo, en esta exposici\u00f3n podemos encontrar obras con mayor grado de iconicidad o absolutamente abstractas pero si es cierto que mi trabajo se identifica como personal y el hilo conductor que lo conecta puede estar anclado en un expresionismo mat\u00e9rico.<\/div>\n<div>Os espero<\/div>\n","protected":false},"excerpt":{"rendered":"<p>&nbsp; La exposici\u00f3n se inaugura el 21 de abril a las 8 de la tarde y estar\u00e1 abierta en horario de martes a domingo de 18 a 21 horas inclusive festivos, en la CajaGranada Paseo de la Estaci\u00f3n n\u00ba 6 Ja\u00e9n. La exposici\u00f3n tendr\u00e1 posiblemente 29 obras entre pinturas y dibujos. La pinturas tienen desde una obra de gran formato, mediano y peque\u00f1o formato, mientras que los dibujos son todos de peque\u00f1o formato. Esta exposici\u00f3n resume mi trabajo art\u00edstico-pl\u00e1stico de mis \u00faltimos a\u00f1os: pinturas y dibujos que bajo el t\u00edtulo de \u00abEp\u00edtomes\u00bb hace un recorrido a modo de resumen y recopilaci\u00f3n de lo que viene siendo mi investigaci\u00f3n en las [&hellip;]<\/p>\n","protected":false},"author":1,"featured_media":322,"comment_status":"open","ping_status":"open","sticky":false,"template":"","format":"standard","meta":[],"categories":[33,25,15,34,30,40,4,3,6,36,10],"tags":[],"_links":{"self":[{"href":"http:\/\/gczarrias.com\/blog\/wp-json\/wp\/v2\/posts\/45"}],"collection":[{"href":"http:\/\/gczarrias.com\/blog\/wp-json\/wp\/v2\/posts"}],"about":[{"href":"http:\/\/gczarrias.com\/blog\/wp-json\/wp\/v2\/types\/post"}],"author":[{"embeddable":true,"href":"http:\/\/gczarrias.com\/blog\/wp-json\/wp\/v2\/users\/1"}],"replies":[{"embeddable":true,"href":"http:\/\/gczarrias.com\/blog\/wp-json\/wp\/v2\/comments?post=45"}],"version-history":[{"count":3,"href":"http:\/\/gczarrias.com\/blog\/wp-json\/wp\/v2\/posts\/45\/revisions"}],"predecessor-version":[{"id":360,"href":"http:\/\/gczarrias.com\/blog\/wp-json\/wp\/v2\/posts\/45\/revisions\/360"}],"wp:featuredmedia":[{"embeddable":true,"href":"http:\/\/gczarrias.com\/blog\/wp-json\/wp\/v2\/media\/322"}],"wp:attachment":[{"href":"http:\/\/gczarrias.com\/blog\/wp-json\/wp\/v2\/media?parent=45"}],"wp:term":[{"taxonomy":"category","embeddable":true,"href":"http:\/\/gczarrias.com\/blog\/wp-json\/wp\/v2\/categories?post=45"},{"taxonomy":"post_tag","embeddable":true,"href":"http:\/\/gczarrias.com\/blog\/wp-json\/wp\/v2\/tags?post=45"}],"curies":[{"name":"wp","href":"https:\/\/api.w.org\/{rel}","templated":true}]}}