{"id":38,"date":"2009-05-21T19:54:00","date_gmt":"2009-05-21T19:54:00","guid":{"rendered":"http:\/\/gczarrias.com\/blog\/?p=38"},"modified":"2013-11-12T18:28:51","modified_gmt":"2013-11-12T18:28:51","slug":"destruccion-de-un-obra-de-arte-por-la-ignorancia","status":"publish","type":"post","link":"http:\/\/gczarrias.com\/blog\/destruccion-de-un-obra-de-arte-por-la-ignorancia\/","title":{"rendered":"DESTRUCCI\u00d3N DE UN OBRA DE ARTE \u00bfPOR LA IGNORANCIA?"},"content":{"rendered":"<p><span>Reproduzco aqu\u00ed en mi blog un espacio muy libre (de lo que puedo a\u00fan alardear) las palabras a modo de Ep\u00edlogo de David Padilla en el lamentable asunto de una obra de arte de los jienenses destruida \u00bfpor la ignorancia?. De esta manera espero poder terminar este asunto, aunque como siempre estoy abierto a comentarios.<\/span><\/p>\n<p><span>Email de David textual:<\/span><\/p>\n<p><span>IZQUIERDOSO CAGON Y CLIENTELAR el que crea que quiero euros, el que crea que voto al PP, el que crea que no soy amigo de mis amigos, el que crea que no llevo RAZ\u00d3N, el que crea que la injusticia de izquierdas, al serlo ya es justicia. A LA MIERDA LA IZQUIERDA CAGONA, BIENVENIDA LA DE SIEMPRE.<\/span><\/p>\n<p><a href=\"http:\/\/estudiodavidpadilla.blogspot.com\/2009\/05\/carta-abierta-y-epilogo.html\" target=\"_blank\"><span>carta abierta y epilogo<\/span><\/a><span> ENVIADA A DIARIO JAEN AL DIA DE HOY SILENCIADA<br \/>\nMe dirijo a ustedes para, por mi parte,puntualizar varias cuestiones que han de quedar escritas y claramente expresadas. Que mi denuncia de la destruccion de mis aguadas ha tenido un exclusivo caracter artistico,en defensa de una Obra propiedad de los jiennenses a los que unicamente les pertenecia.Que me aparto de cualquier politizaci\u00f3n de dicha protesta desde la independencia que me d\u00e1,militar exclusivamente en la pasi\u00f3n por el Arte y la culturaAgradecer expresamente a Jose Luis Cano y Jos\u00e9 Montan\u00e9 la preocupaci\u00f3n y el inter\u00e9s que mostraron desde el primer momento que les mostr\u00e9 mi alarma por los hechos producidos.Esperar que este c\u00famulo de errores que dieron lugar a la desaparici\u00f3n de aquellas Obras,no vuelvan a repetirse sobre todo y por encima de todo ,por el bien de nuestra ciudad y sus ciudadanosAgradecer,por \u00faltimo,todos los gestos de solidaridad recibidos por todos aquellos que aman la cultura y a nuestra ciudad. David Padilla <\/span><\/p>\n","protected":false},"excerpt":{"rendered":"<p>Reproduzco aqu\u00ed en mi blog un espacio muy libre (de lo que puedo a\u00fan alardear) las palabras a modo de Ep\u00edlogo de David Padilla en el lamentable asunto de una obra de arte de los jienenses destruida \u00bfpor la ignorancia?. De esta manera espero poder terminar este asunto, aunque como siempre estoy abierto a comentarios. Email de David textual: IZQUIERDOSO CAGON Y CLIENTELAR el que crea que quiero euros, el que crea que voto al PP, el que crea que no soy amigo de mis amigos, el que crea que no llevo RAZ\u00d3N, el que crea que la injusticia de izquierdas, al serlo ya es justicia. A LA MIERDA LA [&hellip;]<\/p>\n","protected":false},"author":1,"featured_media":339,"comment_status":"open","ping_status":"open","sticky":false,"template":"","format":"standard","meta":[],"categories":[33,9,48,35,42,41,7,43,6,44],"tags":[],"_links":{"self":[{"href":"http:\/\/gczarrias.com\/blog\/wp-json\/wp\/v2\/posts\/38"}],"collection":[{"href":"http:\/\/gczarrias.com\/blog\/wp-json\/wp\/v2\/posts"}],"about":[{"href":"http:\/\/gczarrias.com\/blog\/wp-json\/wp\/v2\/types\/post"}],"author":[{"embeddable":true,"href":"http:\/\/gczarrias.com\/blog\/wp-json\/wp\/v2\/users\/1"}],"replies":[{"embeddable":true,"href":"http:\/\/gczarrias.com\/blog\/wp-json\/wp\/v2\/comments?post=38"}],"version-history":[{"count":2,"href":"http:\/\/gczarrias.com\/blog\/wp-json\/wp\/v2\/posts\/38\/revisions"}],"predecessor-version":[{"id":341,"href":"http:\/\/gczarrias.com\/blog\/wp-json\/wp\/v2\/posts\/38\/revisions\/341"}],"wp:featuredmedia":[{"embeddable":true,"href":"http:\/\/gczarrias.com\/blog\/wp-json\/wp\/v2\/media\/339"}],"wp:attachment":[{"href":"http:\/\/gczarrias.com\/blog\/wp-json\/wp\/v2\/media?parent=38"}],"wp:term":[{"taxonomy":"category","embeddable":true,"href":"http:\/\/gczarrias.com\/blog\/wp-json\/wp\/v2\/categories?post=38"},{"taxonomy":"post_tag","embeddable":true,"href":"http:\/\/gczarrias.com\/blog\/wp-json\/wp\/v2\/tags?post=38"}],"curies":[{"name":"wp","href":"https:\/\/api.w.org\/{rel}","templated":true}]}}