{"id":24,"date":"2010-10-24T10:16:00","date_gmt":"2010-10-24T10:16:00","guid":{"rendered":"http:\/\/gczarrias.com\/blog\/?p=24"},"modified":"2013-11-12T13:12:50","modified_gmt":"2013-11-12T13:12:50","slug":"diseno-de-piturda","status":"publish","type":"post","link":"http:\/\/gczarrias.com\/blog\/diseno-de-piturda\/","title":{"rendered":"DISE\u00d1O DE PITURDA"},"content":{"rendered":"<p><a href=\"http:\/\/gczarrias.com\/blog\/wp-content\/uploads\/2010\/10\/PORTADA-EDITADA.jpg\" rel=\"shadowbox[sbpost-24];player=img;\"><img loading=\"lazy\" class=\"size-medium wp-image-290 alignleft\" style=\"margin: 10px; border: 2px solid black;\" alt=\"PORTADA EDITADA\" src=\"http:\/\/gczarrias.com\/blog\/wp-content\/uploads\/2010\/10\/PORTADA-EDITADA-106x300.jpg\" width=\"106\" height=\"300\" srcset=\"http:\/\/gczarrias.com\/blog\/wp-content\/uploads\/2010\/10\/PORTADA-EDITADA-106x300.jpg 106w, http:\/\/gczarrias.com\/blog\/wp-content\/uploads\/2010\/10\/PORTADA-EDITADA.jpg 181w\" sizes=\"(max-width: 106px) 100vw, 106px\" \/><\/a><a href=\"http:\/\/gczarrias.com\/blog\/wp-content\/uploads\/2010\/10\/FOTO-ENTREVISTA-EN-FOTOLOG.jpg\" rel=\"shadowbox[sbpost-24];player=img;\"><img loading=\"lazy\" class=\"size-medium wp-image-292 alignleft\" style=\"margin: 10px; border: 2px solid black;\" alt=\"FOTO ENTREVISTA EN FOTOLOG\" src=\"http:\/\/gczarrias.com\/blog\/wp-content\/uploads\/2010\/10\/FOTO-ENTREVISTA-EN-FOTOLOG-244x300.jpg\" width=\"244\" height=\"300\" srcset=\"http:\/\/gczarrias.com\/blog\/wp-content\/uploads\/2010\/10\/FOTO-ENTREVISTA-EN-FOTOLOG-244x300.jpg 244w, http:\/\/gczarrias.com\/blog\/wp-content\/uploads\/2010\/10\/FOTO-ENTREVISTA-EN-FOTOLOG.jpg 407w\" sizes=\"(max-width: 244px) 100vw, 244px\" \/><\/a><br \/>\nEste mes me toc\u00f3 hacer el dise\u00f1o del PITURDA a mi.<br \/>\n\u00danica condici\u00f3n era que tocara el tema del<br \/>\nII FESTIVAL DE CORTOS.<\/p>\n","protected":false},"excerpt":{"rendered":"<p>Este mes me toc\u00f3 hacer el dise\u00f1o del PITURDA a mi. \u00danica condici\u00f3n era que tocara el tema del II FESTIVAL DE CORTOS.<\/p>\n","protected":false},"author":1,"featured_media":290,"comment_status":"open","ping_status":"open","sticky":false,"template":"","format":"standard","meta":[],"categories":[52,28,39,29,3,20,6,36,27],"tags":[],"_links":{"self":[{"href":"http:\/\/gczarrias.com\/blog\/wp-json\/wp\/v2\/posts\/24"}],"collection":[{"href":"http:\/\/gczarrias.com\/blog\/wp-json\/wp\/v2\/posts"}],"about":[{"href":"http:\/\/gczarrias.com\/blog\/wp-json\/wp\/v2\/types\/post"}],"author":[{"embeddable":true,"href":"http:\/\/gczarrias.com\/blog\/wp-json\/wp\/v2\/users\/1"}],"replies":[{"embeddable":true,"href":"http:\/\/gczarrias.com\/blog\/wp-json\/wp\/v2\/comments?post=24"}],"version-history":[{"count":3,"href":"http:\/\/gczarrias.com\/blog\/wp-json\/wp\/v2\/posts\/24\/revisions"}],"predecessor-version":[{"id":293,"href":"http:\/\/gczarrias.com\/blog\/wp-json\/wp\/v2\/posts\/24\/revisions\/293"}],"wp:featuredmedia":[{"embeddable":true,"href":"http:\/\/gczarrias.com\/blog\/wp-json\/wp\/v2\/media\/290"}],"wp:attachment":[{"href":"http:\/\/gczarrias.com\/blog\/wp-json\/wp\/v2\/media?parent=24"}],"wp:term":[{"taxonomy":"category","embeddable":true,"href":"http:\/\/gczarrias.com\/blog\/wp-json\/wp\/v2\/categories?post=24"},{"taxonomy":"post_tag","embeddable":true,"href":"http:\/\/gczarrias.com\/blog\/wp-json\/wp\/v2\/tags?post=24"}],"curies":[{"name":"wp","href":"https:\/\/api.w.org\/{rel}","templated":true}]}}