{"id":21,"date":"2011-06-02T19:00:00","date_gmt":"2011-06-02T19:00:00","guid":{"rendered":"http:\/\/gczarrias.com\/blog\/?p=21"},"modified":"2013-11-12T12:42:43","modified_gmt":"2013-11-12T12:42:43","slug":"homenaje-a-josiane-phelix","status":"publish","type":"post","link":"http:\/\/gczarrias.com\/blog\/homenaje-a-josiane-phelix\/","title":{"rendered":"HOMENAJE A JOSIANE PHELIX"},"content":{"rendered":"<p><em>Aqu\u00ed en mi blog, dejo constancia de un homenaje merecido a mi amiga y querida Josianne, directora art\u00edstica durante muchos a\u00f1os de la desaparecida Galer\u00eda Jabalcuz de Ja\u00e9n. Yo fui uno de tantos artistas que expuso en esta Galer\u00eda durante muchos a\u00f1os y tuve oportunidad de hablar y hablar con josiane en estas expposiciones y encontrarme en muchas inauguraciones con tantos artistas y amantes del arte en Ja\u00e9n&#8230; <\/em><br \/>\n<em>C<\/em><em>omo se echa de menos estos momentos y como perdimos en nuestra capital la \u00fanica Galer\u00eda privada que apoy\u00f3 realmente el arte nacido en Ja\u00e9n y trajo tantas exposiciones interesantes de otros tantos de fuera. Gracias Josiane.<\/em><br \/>\n<a href=\"http:\/\/gczarrias.com\/blog\/wp-content\/uploads\/2011\/06\/JOSIANE.jpg\" rel=\"shadowbox[sbpost-21];player=img;\"><img loading=\"lazy\" class=\"size-medium wp-image-275 alignleft\" style=\"margin: 10px; border: 2px solid black;\" alt=\"JOSIANE\" src=\"http:\/\/gczarrias.com\/blog\/wp-content\/uploads\/2011\/06\/JOSIANE-300x208.jpg\" width=\"300\" height=\"208\" srcset=\"http:\/\/gczarrias.com\/blog\/wp-content\/uploads\/2011\/06\/JOSIANE-300x208.jpg 300w, http:\/\/gczarrias.com\/blog\/wp-content\/uploads\/2011\/06\/JOSIANE-1024x713.jpg 1024w, http:\/\/gczarrias.com\/blog\/wp-content\/uploads\/2011\/06\/JOSIANE.jpg 1701w\" sizes=\"(max-width: 300px) 100vw, 300px\" \/><\/a><br \/>\nLa Universidad Popular Municipal rendir\u00e1 un homenaje el pr\u00f3ximo domingo 5 de junio a las 12 horas en la sede Sabetay a la galerista Josiane Phelix, que durante casi m\u00e1s de viente a\u00f1os fue la directora de la Galer\u00eda de Arte Jabalcuz de Ja\u00e9n.<\/p>\n<p>Fue durante muchos a\u00f1os de la \u00fanica galer\u00eda de arte de la ciudad durante d\u00e9cadas, la sala Jabalcuz, abierta en 1980, no s\u00f3lo apoy\u00f3 a los artistas locales, programando numerosas exposiciones de los grandes pintores que dio Ja\u00e9n, Palomino Kayser, Francisco Cerezo, Miguel Ayala, Fausto Olivares, Pepe Olivares, Francisco Carrillo, \u00c1ngeles Agrela, Santiago Yd\u00e1\u00f1ez, Jos\u00e9 R\u00edos, Gaspar Cort\u00e9s Zarr\u00edas, sino que program\u00f3 tambi\u00e9n a los m\u00e1s grandes a nivel internacional, como Picasso, Dal\u00ed (sus joyas), Jose Duarte o Jose Luis Verdes, entre otros muchos.<\/p>\n<p><em><span>Fuente Viva Ja\u00e9n<\/span><\/em><\/p>\n","protected":false},"excerpt":{"rendered":"<p>Aqu\u00ed en mi blog, dejo constancia de un homenaje merecido a mi amiga y querida Josianne, directora art\u00edstica durante muchos a\u00f1os de la desaparecida Galer\u00eda Jabalcuz de Ja\u00e9n. Yo fui uno de tantos artistas que expuso en esta Galer\u00eda durante muchos a\u00f1os y tuve oportunidad de hablar y hablar con josiane en estas expposiciones y encontrarme en muchas inauguraciones con tantos artistas y amantes del arte en Ja\u00e9n&#8230; Como se echa de menos estos momentos y como perdimos en nuestra capital la \u00fanica Galer\u00eda privada que apoy\u00f3 realmente el arte nacido en Ja\u00e9n y trajo tantas exposiciones interesantes de otros tantos de fuera. Gracias Josiane. La Universidad Popular Municipal rendir\u00e1 [&hellip;]<\/p>\n","protected":false},"author":1,"featured_media":278,"comment_status":"open","ping_status":"open","sticky":false,"template":"","format":"standard","meta":[],"categories":[25,34,4,23,8,6,24,36,44],"tags":[],"_links":{"self":[{"href":"http:\/\/gczarrias.com\/blog\/wp-json\/wp\/v2\/posts\/21"}],"collection":[{"href":"http:\/\/gczarrias.com\/blog\/wp-json\/wp\/v2\/posts"}],"about":[{"href":"http:\/\/gczarrias.com\/blog\/wp-json\/wp\/v2\/types\/post"}],"author":[{"embeddable":true,"href":"http:\/\/gczarrias.com\/blog\/wp-json\/wp\/v2\/users\/1"}],"replies":[{"embeddable":true,"href":"http:\/\/gczarrias.com\/blog\/wp-json\/wp\/v2\/comments?post=21"}],"version-history":[{"count":3,"href":"http:\/\/gczarrias.com\/blog\/wp-json\/wp\/v2\/posts\/21\/revisions"}],"predecessor-version":[{"id":277,"href":"http:\/\/gczarrias.com\/blog\/wp-json\/wp\/v2\/posts\/21\/revisions\/277"}],"wp:featuredmedia":[{"embeddable":true,"href":"http:\/\/gczarrias.com\/blog\/wp-json\/wp\/v2\/media\/278"}],"wp:attachment":[{"href":"http:\/\/gczarrias.com\/blog\/wp-json\/wp\/v2\/media?parent=21"}],"wp:term":[{"taxonomy":"category","embeddable":true,"href":"http:\/\/gczarrias.com\/blog\/wp-json\/wp\/v2\/categories?post=21"},{"taxonomy":"post_tag","embeddable":true,"href":"http:\/\/gczarrias.com\/blog\/wp-json\/wp\/v2\/tags?post=21"}],"curies":[{"name":"wp","href":"https:\/\/api.w.org\/{rel}","templated":true}]}}